{"id":132,"date":"2015-06-02T00:07:58","date_gmt":"2015-06-01T22:07:58","guid":{"rendered":"http:\/\/www.32ppp.de\/fstrauss\/?p=132"},"modified":"2015-06-02T00:07:58","modified_gmt":"2015-06-01T22:07:58","slug":"vorbereitungen","status":"publish","type":"post","link":"https:\/\/www.32ppp.de\/fstrauss\/vorbereitungen\/","title":{"rendered":"Die Vorbereitungen laufen&#8230;"},"content":{"rendered":"<p>Es ist der 23. Januar 2015. Ich fahre gerade noch eine Kollegin nach der Arbeit nachhause als meine Mama ganz aufgeregt anruft: &#8222;Franzi? Da is\u00b4n Brief f\u00fcr dich gekommen.&#8220;, ich war etwas perplex &#8222;Ja und? Ich bekomm \u00f6fter mal Post.&#8220;, &#8222;Ja aber da steht als Absender das B\u00fcro von Gerda Hasselfeldt!!!&#8220; Ab dann bin ich mit zitternden H\u00e4nden weiter heim gefahren. Meine Kollegin war etwas verwirrt von dem Anruf meiner Ma\u00b4. Sie wusste ja auch noch nichts von meiner Bewerbung f\u00fcr das 32. Parlamentarische Patenschafts-Programm und das ich seit dem Gespr\u00e4ch mit der f\u00fcr mich zust\u00e4ndigen Abgeordneten-&#8222;Patin&#8220; Frau Hasselfeldt in der Woche zuvor, auf eine Zusage wartete.<\/p>\n<p>Daheim angekommen sa\u00df bereits meine Familie versammelt um den Brief. Das \u00f6ffnen und lesen von dem Brief hatte, zumindest f\u00fcr mich, etwas von dem Slow-Motion-Effekt Sekunden vor einem Unfall. Meine Familie hatte bereits geschummelt und den Brief gegen das Licht gehalten.<\/p>\n<p>&#8222;Ich freue mich, Ihnen nun mitteilen zu k\u00f6nnen, dass ich mich nach eingehenden \u00dcberlegungen daf\u00fcr entschieden habe, Ihnen im Rahmen des Parlamentarischen Patenschafts-Programms des Deutschen Bundestages ein Stipendium f\u00fcr einen Aufenthalt in den USA zu erm\u00f6glichen.&#8220;<\/p>\n<p>Dieser einfache Satz hat nicht nur mich, meine Familie und ein paar meiner Freunde in Freuden-Tr\u00e4nen ausbrechen lassen, sondern war auch der Beginn turbulenter Monate der Vorbereitung auf mein Jahr in den USA.<\/p>\n<p><strong>Chef, es gibt da etwas das Sie wissen sollten&#8230;!<\/strong><\/p>\n<p>Zun\u00e4chst musste meine Dienststelle einmal von den (f\u00fcr mich) freudigen Nachrichten erfahren und der unbezahlte Urlaub f\u00fcr das eine Jahr musste beantragt werden. Ich habe das Gl\u00fcck das mich die Landeshauptstadt M\u00fcnchen bei meinem Vorhaben unterst\u00fctzt und ich nach meiner Zeit in den USA dort ganz problemlos einfach weiterarbeiten kann.<\/p>\n<p><strong>Vorbereitungsseminar in W\u00fcrzburg &#8211; damit ein jeder Teilnehmer am 32. PPP gut vorbereitet ist.\u00a0<\/strong><\/p>\n<p>Ende M\u00e4rz &#8211; Anfang April fingen dann die Vorbereitungsseminare an. Ich war mit einem Drittel der 75 PPP-Teilnehmer zusammen in W\u00fcrzburg an der Frankenwarte.<\/p>\n<p><a href=\"https:\/\/www.32ppp.de\/fstrauss\/wp-content\/uploads\/sites\/22\/2015\/06\/IMG_2082.jpg\" rel=\"lightbox[132]\"><img loading=\"lazy\" decoding=\"async\" class=\"aligncenter wp-image-133 \" src=\"https:\/\/www.32ppp.de\/fstrauss\/wp-content\/uploads\/sites\/22\/2015\/06\/IMG_2082.jpg\" alt=\"IMG_2082\" width=\"904\" height=\"602\" srcset=\"https:\/\/www.32ppp.de\/fstrauss\/wp-content\/uploads\/sites\/22\/2015\/06\/IMG_2082.jpg 1448w, https:\/\/www.32ppp.de\/fstrauss\/wp-content\/uploads\/sites\/22\/2015\/06\/IMG_2082-300x200.jpg 300w, https:\/\/www.32ppp.de\/fstrauss\/wp-content\/uploads\/sites\/22\/2015\/06\/IMG_2082-1024x683.jpg 1024w, https:\/\/www.32ppp.de\/fstrauss\/wp-content\/uploads\/sites\/22\/2015\/06\/IMG_2082-1200x801.jpg 1200w\" sizes=\"auto, (max-width: 904px) 100vw, 904px\" \/><\/a>Es waren sch\u00f6ne gemeinsame Tage die wir dort verbracht haben. Tage gef\u00fcllt mit ganz viel Input, Rollenspielen und Power-Point-Pr\u00e4sentationen. Nun hatte man auch endlich Personen vor Augen und nicht mehr nur die Nummern in der Whats-App-Gruppe (Whats-App Gruppen mit ca. 70 Mitgliedern sind \u00fcbrigens teilweise ziemlich verwirrend). Und man hatte nach dem Wochenende seine Was-muss-ich-vor-den-USA-unbedingt-noch-erledigen-Liste gef\u00fchlt verdoppelt =)<\/p>\n<p><strong>Die Zeit l\u00e4uft und l\u00e4uft&#8230;<\/strong><\/p>\n<p>Inzwischen sind seit dem Vorbereitungsseminar auch schon wieder Monate vergangen. Viele To-Do\u00b4s der Vorbereitungen sind bereits erledigt, die anderen laufen. Bis zur Ausreise am 4. August 2015 gibt\u00b4s noch so einiges zu tun und zu erleben. Und ich freue mich darauf. Eines steht definitiv schon fest&#8230;mit jedem Tag der noch vergehen wird wird die Vorfreude auf meine Auslandserfahrungen gr\u00f6\u00dfer.<\/p>\n<p><strong>Wo in Amerika bist du denn dann genau?<\/strong><\/p>\n<p>Eine Frage die ich in den letzten Wochen \u00f6fter\u00b4s mal zu h\u00f6ren bekommen habe. Und die Frage ist ja auch nicht unberechtigt schlie\u00dflich ist Amerika gro\u00df. Aber ich wei\u00df selbst noch nicht wo ich das eine Jahr lang leben werde. Es wird auch noch ein wenig dauern bis ich es erfahre. Und das ist auch gut so =P<\/p>\n<p>&nbsp;<\/p>\n<p>&nbsp;<\/p>\n<p>&#8222;F\u00fcr eine Zeit allein ins Ausland zu gehen ist wie ein Sprung, ohne genau zu wissen wo man landet. Und genau das ist das Abenteuer, die unsch\u00e4tzbare Erfahrung.&#8220;<\/p>\n","protected":false},"excerpt":{"rendered":"<p>Es ist der 23. Januar 2015. Ich fahre gerade noch eine Kollegin nach der Arbeit nachhause als meine Mama ganz aufgeregt anruft: &#8222;Franzi? Da is\u00b4n Brief f\u00fcr dich gekommen.&#8220;, ich war etwas perplex &#8222;Ja und? Ich bekomm \u00f6fter mal Post.&#8220;, &#8222;Ja aber da steht als Absender das B\u00fcro von Gerda Hasselfeldt!!!&#8220; Ab dann bin ich [&hellip;]<\/p>\n","protected":false},"author":28,"featured_media":0,"comment_status":"open","ping_status":"open","sticky":false,"template":"","format":"standard","meta":{"footnotes":""},"categories":[1],"tags":[],"class_list":["post-132","post","type-post","status-publish","format-standard","hentry","category-allgemein"],"jetpack_featured_media_url":"","_links":{"self":[{"href":"https:\/\/www.32ppp.de\/fstrauss\/wp-json\/wp\/v2\/posts\/132","targetHints":{"allow":["GET"]}}],"collection":[{"href":"https:\/\/www.32ppp.de\/fstrauss\/wp-json\/wp\/v2\/posts"}],"about":[{"href":"https:\/\/www.32ppp.de\/fstrauss\/wp-json\/wp\/v2\/types\/post"}],"author":[{"embeddable":true,"href":"https:\/\/www.32ppp.de\/fstrauss\/wp-json\/wp\/v2\/users\/28"}],"replies":[{"embeddable":true,"href":"https:\/\/www.32ppp.de\/fstrauss\/wp-json\/wp\/v2\/comments?post=132"}],"version-history":[{"count":1,"href":"https:\/\/www.32ppp.de\/fstrauss\/wp-json\/wp\/v2\/posts\/132\/revisions"}],"predecessor-version":[{"id":134,"href":"https:\/\/www.32ppp.de\/fstrauss\/wp-json\/wp\/v2\/posts\/132\/revisions\/134"}],"wp:attachment":[{"href":"https:\/\/www.32ppp.de\/fstrauss\/wp-json\/wp\/v2\/media?parent=132"}],"wp:term":[{"taxonomy":"category","embeddable":true,"href":"https:\/\/www.32ppp.de\/fstrauss\/wp-json\/wp\/v2\/categories?post=132"},{"taxonomy":"post_tag","embeddable":true,"href":"https:\/\/www.32ppp.de\/fstrauss\/wp-json\/wp\/v2\/tags?post=132"}],"curies":[{"name":"wp","href":"https:\/\/api.w.org\/{rel}","templated":true}]}}