{"id":155,"date":"2015-06-30T14:39:52","date_gmt":"2015-06-30T12:39:52","guid":{"rendered":"http:\/\/www.32ppp.de\/fstrauss\/?p=155"},"modified":"2015-07-07T21:42:41","modified_gmt":"2015-07-07T19:42:41","slug":"visum","status":"publish","type":"post","link":"https:\/\/www.32ppp.de\/fstrauss\/visum\/","title":{"rendered":"Treffpunkt Visum"},"content":{"rendered":"<p>Der Countdown l\u00e4uft und l\u00e4uft und l\u00e4uft&#8230;.und jede Woche bringt neue Haken an der To-Do-Liste.<\/p>\n<p>Am Donnerstag den 25.6. konnte ich nun auch den Punkt &#8222;get your visa approved&#8220; abhaken.<\/p>\n<p><a href=\"https:\/\/www.32ppp.de\/fstrauss\/wp-content\/uploads\/sites\/22\/2015\/06\/IMG_1774.jpg\" rel=\"lightbox[155]\"><img loading=\"lazy\" decoding=\"async\" class=\"  wp-image-172 alignleft\" src=\"https:\/\/www.32ppp.de\/fstrauss\/wp-content\/uploads\/sites\/22\/2015\/06\/IMG_1774-1024x768.jpg\" alt=\"IMG_1774\" width=\"351\" height=\"263\" srcset=\"https:\/\/www.32ppp.de\/fstrauss\/wp-content\/uploads\/sites\/22\/2015\/06\/IMG_1774-1024x768.jpg 1024w, https:\/\/www.32ppp.de\/fstrauss\/wp-content\/uploads\/sites\/22\/2015\/06\/IMG_1774-300x225.jpg 300w, https:\/\/www.32ppp.de\/fstrauss\/wp-content\/uploads\/sites\/22\/2015\/06\/IMG_1774-1200x900.jpg 1200w, https:\/\/www.32ppp.de\/fstrauss\/wp-content\/uploads\/sites\/22\/2015\/06\/IMG_1774.jpg 1280w\" sizes=\"auto, (max-width: 351px) 100vw, 351px\" \/><\/a><\/p>\n<p>&nbsp;<\/p>\n<p>Ich hatte zusammen mit <a href=\"http:\/\/www.32ppp.de\/lkaspar\" target=\"_blank\">Lisa<\/a>,\u00a0<a href=\"http:\/\/www.32ppp.de\/swild\" target=\"_blank\">Shalin<\/a>,\u00a0<a href=\"http:\/\/www.32ppp.de\/dzhou\" target=\"_blank\">Don<\/a>,\u00a0<a href=\"http:\/\/www.32ppp.de\/mnowak\" target=\"_blank\">Max<\/a>\u00a0und Nathalie (die ich bereits vom Vorbereitungsseminar kenne) meinen Termin im Konsulat in M\u00fcnchen. Bei unserem Termin verlief alles glatt. Der nette Beamte an Schalter 5 sagte mit &#8222;Your visa is approved.&#8220;. Ich werde also in 34 Tagen (omg es sind nur noch\u00a034 Tage) in die USA einreisen d\u00fcrfen.<\/p>\n<p>&nbsp;<\/p>\n<p>&nbsp;<\/p>\n<p><img loading=\"lazy\" decoding=\"async\" class=\"  wp-image-159 alignright\" src=\"https:\/\/www.32ppp.de\/fstrauss\/wp-content\/uploads\/sites\/22\/2015\/06\/DSC_0530-1024x683.jpeg\" alt=\"DSC_0530\" width=\"333\" height=\"222\" srcset=\"https:\/\/www.32ppp.de\/fstrauss\/wp-content\/uploads\/sites\/22\/2015\/06\/DSC_0530-1024x683.jpeg 1024w, https:\/\/www.32ppp.de\/fstrauss\/wp-content\/uploads\/sites\/22\/2015\/06\/DSC_0530-300x200.jpeg 300w, https:\/\/www.32ppp.de\/fstrauss\/wp-content\/uploads\/sites\/22\/2015\/06\/DSC_0530.jpeg 1106w\" sizes=\"auto, (max-width: 333px) 100vw, 333px\" \/><\/p>\n<p>&nbsp;<\/p>\n<p>&nbsp;<\/p>\n<p>Es war sch\u00f6n am Donnerstag ein paar meine Mitstreiter nach l\u00e4ngerem wieder zu sehen. Bis\u00a0auf Lisa hatte ich sie seit dem Vorbereitungsseminar Anfang April nicht mehr gesehen. Die gemeinsame Zeit an dem Donnerstag in M\u00fcnchen nutzen stand also auf dem Plan. Von der goldenen Bar ging es direkt weiter auf das Tollwood, das derzeit wieder in M\u00fcnchen ist. Als der Sonnenbrand dann perfekt sa\u00df ging\u00b4s f\u00fcr Lisa, Max, Don und mich weiter in die n\u00e4chste Bar, dann weiter Lisa heimbringen und dann die Clubs am M\u00fcnchner Karlsplatz Stachus unsicher machen.<\/p>\n<p>&nbsp;<\/p>\n<p>Und weil\u00b4s so sch\u00f6n war ging\u00b4s Freitag mit dem &#8222;Munich-Visa-Program&#8220; weiter. Dort sind dann mittags\u00a0<a href=\"http:\/\/www.32ppp.de\/ctafelmeier\" target=\"_blank\">Chris<\/a>\u00a0und\u00a0<a href=\"http:\/\/www.32ppp.de\/tmoesle\" target=\"_blank\">Tobi<\/a>\u00a0zu Max, Don und mir hinzugesto\u00dfen. Essen gab\u00b4s dann beim Iren, den M\u00fcnchen-\u00dcberblick vom Rathausturm, die Entspannung auf einer Dachterrasse, das f\u00fcr die Anderen unerwartete am Eisbach (denn keiner wollte mir glauben das man in M\u00fcnchen surfen kann) und den netten Ausklang beim PPP-Treffen.<\/p>\n<p><a href=\"https:\/\/www.32ppp.de\/fstrauss\/wp-content\/uploads\/sites\/22\/2015\/06\/IMG_1753.jpg\" rel=\"lightbox[155]\"><img loading=\"lazy\" decoding=\"async\" class=\"  wp-image-156 alignleft\" src=\"https:\/\/www.32ppp.de\/fstrauss\/wp-content\/uploads\/sites\/22\/2015\/06\/IMG_1753-1024x768.jpg\" alt=\"IMG_1753\" width=\"418\" height=\"314\" srcset=\"https:\/\/www.32ppp.de\/fstrauss\/wp-content\/uploads\/sites\/22\/2015\/06\/IMG_1753-1024x768.jpg 1024w, https:\/\/www.32ppp.de\/fstrauss\/wp-content\/uploads\/sites\/22\/2015\/06\/IMG_1753-300x225.jpg 300w, https:\/\/www.32ppp.de\/fstrauss\/wp-content\/uploads\/sites\/22\/2015\/06\/IMG_1753-1200x900.jpg 1200w, https:\/\/www.32ppp.de\/fstrauss\/wp-content\/uploads\/sites\/22\/2015\/06\/IMG_1753.jpg 1280w\" sizes=\"auto, (max-width: 418px) 100vw, 418px\" \/><img loading=\"lazy\" decoding=\"async\" class=\"  wp-image-157 alignright\" src=\"https:\/\/www.32ppp.de\/fstrauss\/wp-content\/uploads\/sites\/22\/2015\/06\/IMG_1732-768x1024.jpg\" alt=\"IMG_1732\" width=\"235\" height=\"313\" srcset=\"https:\/\/www.32ppp.de\/fstrauss\/wp-content\/uploads\/sites\/22\/2015\/06\/IMG_1732-768x1024.jpg 768w, https:\/\/www.32ppp.de\/fstrauss\/wp-content\/uploads\/sites\/22\/2015\/06\/IMG_1732-225x300.jpg 225w, https:\/\/www.32ppp.de\/fstrauss\/wp-content\/uploads\/sites\/22\/2015\/06\/IMG_1732-1200x1600.jpg 1200w\" sizes=\"auto, (max-width: 235px) 100vw, 235px\" \/><\/a><\/p>\n<p>&nbsp;<\/p>\n<p>Bild links:<\/p>\n<p>(Don, Tobi, Chris, Max und Ich auf dem Rathausturm mit Blick \u00fcber M\u00fcnchen.)<\/p>\n<p>Bild rechts:<\/p>\n<p>(Surfer am Eisbach im Englischen Garten M\u00fcnchen)<\/p>\n<p>&nbsp;<\/p>\n<p>&nbsp;<\/p>\n<p>&nbsp;<\/p>\n<p>Wahrscheinlich werden sich ein paar fragen, warum ich nicht den kompletten Donnerstag und Freitag gleich als PPP-Treffen bezeichne. Nun daf\u00fcr gibt es eine ganz einfache Erkl\u00e4rung. Das PPP (Parlamentarische Patenschafts-Programm) schickt schon seid vielen Jahren jedes Jahr Teilnehmer nach Amerika. Im Gegenzug kommen auch jedes Jahr Teilnehmer nach Deutschland. \u00dcber die letzten Jahre bzw. Jahrzehnte durften also schon viele ihre Erfahrungen mit dem PPP sammeln. Am Freitag haben sich sowohl PPP\u00b4ler der Vergangenheit (Teilweise liegt ihr Auslandsjahr schon \u00fcber 10 Jahre zur\u00fcck), CBYX\u00b4ler der Gegenwart (es waren also auch Amerikanische Teilnehmer die derzeit in Deutschland sind mit dabei) und die PPP\u00b4ler der Zukunft (also wir die ihre Reise erst noch vor sich haben) mit am Start. Es war also ein Abend an dem man in den Erinnerungen anderer schwelgen konnte, bei dem man Erinnerungen geben konnte und ein Abend der den Traum von einem Jahr in den USA nochmal ein St\u00fcck mehr Wirklichkeit werden lassen konnte.<\/p>\n<p><a href=\"https:\/\/www.32ppp.de\/fstrauss\/wp-content\/uploads\/sites\/22\/2015\/06\/DSC_0536.jpeg\" rel=\"lightbox[155]\"><img loading=\"lazy\" decoding=\"async\" class=\"aligncenter  wp-image-158\" src=\"https:\/\/www.32ppp.de\/fstrauss\/wp-content\/uploads\/sites\/22\/2015\/06\/DSC_0536-1024x683.jpeg\" alt=\"DSC_0536\" width=\"615\" height=\"410\" srcset=\"https:\/\/www.32ppp.de\/fstrauss\/wp-content\/uploads\/sites\/22\/2015\/06\/DSC_0536-1024x683.jpeg 1024w, https:\/\/www.32ppp.de\/fstrauss\/wp-content\/uploads\/sites\/22\/2015\/06\/DSC_0536-300x200.jpeg 300w, https:\/\/www.32ppp.de\/fstrauss\/wp-content\/uploads\/sites\/22\/2015\/06\/DSC_0536.jpeg 1106w\" sizes=\"auto, (max-width: 615px) 100vw, 615px\" \/><\/a><\/p>\n<p>&nbsp;<\/p>\n<p>N\u00e4chstes Wochenende geht es aber erst mal f\u00fcr Lisa, Chris und\u00a0<a href=\"http:\/\/www.32ppp.de\/dpuljic\" target=\"_blank\">Dejan<\/a>\u00a0und mich in den Europapark Rust um dort den 4. Juli (Amerikanischer Unabh\u00e4ngigkeitstag) zu feiern.<\/p>\n","protected":false},"excerpt":{"rendered":"<p>Der Countdown l\u00e4uft und l\u00e4uft und l\u00e4uft&#8230;.und jede Woche bringt neue Haken an der To-Do-Liste. Am Donnerstag den 25.6. konnte ich nun auch den Punkt &#8222;get your visa approved&#8220; abhaken. &nbsp; Ich hatte zusammen mit Lisa,\u00a0Shalin,\u00a0Don,\u00a0Max\u00a0und Nathalie (die ich bereits vom Vorbereitungsseminar kenne) meinen Termin im Konsulat in M\u00fcnchen. Bei unserem Termin verlief alles glatt. [&hellip;]<\/p>\n","protected":false},"author":28,"featured_media":0,"comment_status":"open","ping_status":"open","sticky":false,"template":"","format":"standard","meta":{"footnotes":""},"categories":[1],"tags":[],"class_list":["post-155","post","type-post","status-publish","format-standard","hentry","category-allgemein"],"jetpack_featured_media_url":"","_links":{"self":[{"href":"https:\/\/www.32ppp.de\/fstrauss\/wp-json\/wp\/v2\/posts\/155","targetHints":{"allow":["GET"]}}],"collection":[{"href":"https:\/\/www.32ppp.de\/fstrauss\/wp-json\/wp\/v2\/posts"}],"about":[{"href":"https:\/\/www.32ppp.de\/fstrauss\/wp-json\/wp\/v2\/types\/post"}],"author":[{"embeddable":true,"href":"https:\/\/www.32ppp.de\/fstrauss\/wp-json\/wp\/v2\/users\/28"}],"replies":[{"embeddable":true,"href":"https:\/\/www.32ppp.de\/fstrauss\/wp-json\/wp\/v2\/comments?post=155"}],"version-history":[{"count":13,"href":"https:\/\/www.32ppp.de\/fstrauss\/wp-json\/wp\/v2\/posts\/155\/revisions"}],"predecessor-version":[{"id":177,"href":"https:\/\/www.32ppp.de\/fstrauss\/wp-json\/wp\/v2\/posts\/155\/revisions\/177"}],"wp:attachment":[{"href":"https:\/\/www.32ppp.de\/fstrauss\/wp-json\/wp\/v2\/media?parent=155"}],"wp:term":[{"taxonomy":"category","embeddable":true,"href":"https:\/\/www.32ppp.de\/fstrauss\/wp-json\/wp\/v2\/categories?post=155"},{"taxonomy":"post_tag","embeddable":true,"href":"https:\/\/www.32ppp.de\/fstrauss\/wp-json\/wp\/v2\/tags?post=155"}],"curies":[{"name":"wp","href":"https:\/\/api.w.org\/{rel}","templated":true}]}}