{"id":188,"date":"2015-08-02T00:50:35","date_gmt":"2015-08-01T22:50:35","guid":{"rendered":"http:\/\/www.32ppp.de\/fstrauss\/?p=188"},"modified":"2015-08-02T00:50:35","modified_gmt":"2015-08-01T22:50:35","slug":"wasser-und-to-do-liste","status":"publish","type":"post","link":"https:\/\/www.32ppp.de\/fstrauss\/wasser-und-to-do-liste\/","title":{"rendered":"Vom nah am Wasser gebaut sein bis hin zum Verzweifeln an der To-Do-Liste"},"content":{"rendered":"<p>Unglaublich! Kommenden Montag den 03.08. geht es bereits nach Frankfurt um von dort aus Dienstag den 04.08. Vormittags in Richtung New York City zu fliegen.<\/p>\n<p>Die letzten Tage sind, auch wenn ich es zuvor nicht f\u00fcr m\u00f6glich gehalten habe, noch schneller vergangen als zuvor. Erfahren der Platzierung, Gespr\u00e4ch mit meiner Abgeordneten und der Presse, Umzugsplanung, Abschiedsfeiern etc.<\/p>\n<p>Hier nun ein kleines Update (das vorerst Letzte von Deutschland aus):<\/p>\n<p>Am 09.07. habe ich endlich meine Platzierung erfahren. Ich sa\u00df mit meiner Mutter beim Fr\u00fchst\u00fccken und wir haben noch rumgescherzt das an dem Donnerstag bestimmt wieder Platzierungen bekannt gegeben werden, ich aber bestimmt mit eine der Letzten sein werde die eine Platzierungsmail erh\u00e4lt. Als ich Mittag mal die PPP-WhatsApp-Gruppe gecheckt habe (die sehr sehr viele Mitglieder hat) las ich das neue Mails an Teilnehmer bez\u00fcglich den Platzierungen verschickt wurden. Meine Mails habe ich dann letztendlich wegen einer anderen Mail auf die ich wartete, gecheckt. Beinahe h\u00e4tte ich die Platzierungsmail die da auf mich im Posteingang war zusammen mit der Werbung gel\u00f6scht. Aber nur beinahe&#8230;und da war sie nun: meine Platzierung! Und ich k\u00f6nnte nicht gl\u00fccklicher mit der Wahl von Cultural Vistas sein. Binghamton (New York) liegt sch\u00f6n zentral, von SUNY Colleges hat mir bereits eine ehemalige PPP-Teilnehmerin vorgeschw\u00e4rmt und meine Gasteltern Jim und Candace sind von dem was ich bisher mit ihnen per E-mail kommuniziert habe die coolsten Gasteltern die ich mir nur w\u00fcnschen k\u00f6nnte. Ich freue mich nun schon wahnsinnig meine Platzierung in wenigen Wochen vor Ort kennen zu lernen.<\/p>\n<p>Am 21.07. hat mich meine Patin MdB Gerda Hasselfeldt zusammen mit meiner F\u00fcrstenfeldbrucker USA-Mitstreiterin Elisabeth Kranz zum Gespr\u00e4ch mit Pressevertretern eingeladen. Eine komplett neue Erfahrung f\u00fcr mich.<\/p>\n<p>Hier der Link zu einem in der S\u00fcddeutschen Zeitung erschienen Artikel:\u00a0http:\/\/www.sueddeutsche.de\/muenchen\/fuerstenfeldbruck\/fuerstenfeldbruck-dirndl-und-bier-im-gepaeck-1.2576776<\/p>\n<p>Und hier zu dem Artikel im Kreisboten:\u00a0http:\/\/www.kreisbote.de\/lokales\/fuerstenfeldbruck\/usa-austausch-5294437.html<\/p>\n<p>An dieser Stelle nochmal ein herzliches Dankesch\u00f6n an Frau Hasselfeldt f\u00fcr ihre Unterst\u00fctzung und Elisabeth alles Gute f\u00fcr ihr Jahr in den USA<\/p>\n<p><a href=\"https:\/\/www.32ppp.de\/fstrauss\/wp-content\/uploads\/sites\/22\/2015\/08\/Hasselfeldt.jpg\" rel=\"lightbox[188]\"><img loading=\"lazy\" decoding=\"async\" class=\"aligncenter size-large wp-image-191\" src=\"https:\/\/www.32ppp.de\/fstrauss\/wp-content\/uploads\/sites\/22\/2015\/08\/Hasselfeldt-1024x717.jpg\" alt=\"Hasselfeldt\" width=\"1024\" height=\"717\" srcset=\"https:\/\/www.32ppp.de\/fstrauss\/wp-content\/uploads\/sites\/22\/2015\/08\/Hasselfeldt-1024x717.jpg 1024w, https:\/\/www.32ppp.de\/fstrauss\/wp-content\/uploads\/sites\/22\/2015\/08\/Hasselfeldt-300x210.jpg 300w, https:\/\/www.32ppp.de\/fstrauss\/wp-content\/uploads\/sites\/22\/2015\/08\/Hasselfeldt-1200x840.jpg 1200w, https:\/\/www.32ppp.de\/fstrauss\/wp-content\/uploads\/sites\/22\/2015\/08\/Hasselfeldt.jpg 1497w\" sizes=\"auto, (max-width: 1024px) 100vw, 1024px\" \/><\/a><\/p>\n<p>Nun zu den Abschieden etc.:<\/p>\n<p>Am 18.07. feierte\u00a0<a href=\"http:\/\/www.32ppp.de\/lkaspar\" target=\"_blank\">Lisa<\/a>\u00a0ihren Abschied und Geburtstag, zu dem ich auch eingeladen war.<\/p>\n<p>Das Wochenende drauf (am 25.07.) habe ich meinen Abschied gefeiert. Danke an alle meine G\u00e4ste das ihr den Abend f\u00fcr mich so sch\u00f6n und unvergesslich gemacht habt. Ich werde euch vermissen. Auch der lieben Familie Br\u00fcggen, von der ich mich am 26.07. verabschiedet habe, ein &#8222;Danke f\u00fcr die vielen sch\u00f6nen Momente&#8220;.<\/p>\n<p>Am 27. und 28.07. stand f\u00fcr mich noch der Auszug aus meiner Wohnung an. Dank zahlreichen Helfern hat alles super funktioniert.<\/p>\n<p>Der 31.07. war mein (f\u00fcr ein Jahr) letzter Arbeitstag bei der Landeshauptstadt M\u00fcnchen. Die letzten drei Jahre die ich f\u00fcr die Abteilung Ausnahmegenehmigungen Umweltzone gearbeitet habe waren sch\u00f6ne Jahre. Danke an meine Kollegen\/innen, \u00a0Chefs\/innen und Auszubildende f\u00fcr die tolle Zeit, die stets abwechslungsreiche Arbeit, die vielen sch\u00f6nen gemeinsamen Stunden im B\u00fcro und die gro\u00dfe Unterst\u00fctzung f\u00fcr mein Jahr in den USA.<\/p>\n<p>Der 31.07. war aber nicht nur ein Tag des Abschieds, sondern auch ein Tag des Wiedersehens. Marc und Mathias, die zwei M\u00fcnchner Teilnehmer des 31. PPP und somit meine Vorg\u00e4nger, kamen von ihrem Jahr USA zur\u00fcck. Lisa und ich haben die Beiden am M\u00fcnchner Flughafen mit Bier, Brezn und Obazd\u00b4n \u00fcberrascht.<\/p>\n<p>Am ersten Augustwochenende hie\u00df es f\u00fcr mich noch einmal, Familienzeit genie\u00dfen und sich verabschieden. Ich werde die gemeinsamen Feiern, das ungezwungene Beisammensein und Lachen, die langen Lagerfeuer- oder Fernsehabende, das Segeln auf dem Ammersee, die Gro\u00dffamilien-Kochsessions, das Durcheinander wenn wir Beisammen sind, die sp\u00fcrbare bedingungslose Liebe, das blinde Vertrauen, das spielen mit Hund Scotti, das heranwachsen sehen meines kleinen Bruders Max, die lustigen Spontanaktionen, die gemeinsamen Ausfl\u00fcge, die famili\u00e4re Geborgenheit und Sicherheit, das Gef\u00fchl des Stolzes wenn man seine Lieben ansieht usw. das Jahr \u00fcber vermissen. Danke f\u00fcr alles und das ihr immer f\u00fcr mich da seid und mich bei der Verwirklichung all meiner Tr\u00e4ume unterst\u00fctzt. &#8222;Family is where life begins and love never ends!&#8220;<\/p>\n<div id=\"metaslider-id-194\" style=\"max-width: 800px;\" class=\"ml-slider-3-108-0 metaslider metaslider-flex metaslider-194 ml-slider has-dots-nav ms-theme-default\" role=\"region\" aria-label=\"Abschiede\" data-height=\"750\" data-width=\"800\">\n    <div id=\"metaslider_container_194\">\n        <div id=\"metaslider_194\">\n            <ul class='slides'>\n                <li style=\"display: block; width: 100%;\" class=\"slide-195 ms-image \" aria-roledescription=\"slide\" data-date=\"2015-08-01 23:27:55\" data-filename=\"IMG_1868-800x750.jpg\" data-slide-type=\"image\"><img loading=\"lazy\" decoding=\"async\" src=\"https:\/\/www.32ppp.de\/fstrauss\/wp-content\/uploads\/sites\/22\/2015\/08\/IMG_1868-800x750.jpg\" height=\"750\" width=\"800\" alt=\"\" class=\"slider-194 slide-195 msDefaultImage\" \/><div class=\"caption-wrap\"><div class=\"caption\">Meine beiden Mitstreiter Don und Max mit mir bei Lisa\u00b4s Abschieds- und Geburtstagsparty. <\/div><\/div><\/li>\n                <li style=\"display: none; width: 100%;\" class=\"slide-196 ms-image \" aria-roledescription=\"slide\" data-date=\"2015-08-01 23:28:59\" data-filename=\"DSC_0181-800x750.jpg\" data-slide-type=\"image\"><img loading=\"lazy\" decoding=\"async\" src=\"https:\/\/www.32ppp.de\/fstrauss\/wp-content\/uploads\/sites\/22\/2015\/08\/DSC_0181-800x750.jpg\" height=\"750\" width=\"800\" alt=\"\" class=\"slider-194 slide-196 msDefaultImage\" \/><div class=\"caption-wrap\"><div class=\"caption\">Meine USA-Crew (v.l.: Dejan, ich, Lisa, Chris)<\/div><\/div><\/li>\n                <li style=\"display: none; width: 100%;\" class=\"slide-197 ms-image \" aria-roledescription=\"slide\" data-date=\"2015-08-01 23:29:49\" data-filename=\"IMG_1995-800x750.jpg\" data-slide-type=\"image\"><img loading=\"lazy\" decoding=\"async\" src=\"https:\/\/www.32ppp.de\/fstrauss\/wp-content\/uploads\/sites\/22\/2015\/08\/IMG_1995-800x750.jpg\" height=\"750\" width=\"800\" alt=\"\" class=\"slider-194 slide-197 msDefaultImage\" \/><div class=\"caption-wrap\"><div class=\"caption\">Impressionen meiner Abschiedsparty<\/div><\/div><\/li>\n                <li style=\"display: none; width: 100%;\" class=\"slide-201 ms-image \" aria-roledescription=\"slide\" data-date=\"2015-08-02 00:05:46\" data-filename=\"IMG_1992-800x750.jpg\" data-slide-type=\"image\"><img loading=\"lazy\" decoding=\"async\" src=\"https:\/\/www.32ppp.de\/fstrauss\/wp-content\/uploads\/sites\/22\/2015\/08\/IMG_1992-800x750.jpg\" height=\"750\" width=\"800\" alt=\"\" class=\"slider-194 slide-201 msDefaultImage\" \/><div class=\"caption-wrap\"><div class=\"caption\">Abschied von den Br\u00fcggen\u00b4s. <\/div><\/div><\/li>\n                <li style=\"display: none; width: 100%;\" class=\"slide-206 ms-image \" aria-roledescription=\"slide\" data-date=\"2015-08-02 00:43:44\" data-filename=\"IMG_1998-800x750.jpg\" data-slide-type=\"image\"><img loading=\"lazy\" decoding=\"async\" src=\"https:\/\/www.32ppp.de\/fstrauss\/wp-content\/uploads\/sites\/22\/2015\/08\/IMG_1998-800x750.jpg\" height=\"750\" width=\"800\" alt=\"\" class=\"slider-194 slide-206 msDefaultImage\" \/><div class=\"caption-wrap\"><div class=\"caption\">Meine flei\u00dfigen Umzugselfer<\/div><\/div><\/li>\n                <li style=\"display: none; width: 100%;\" class=\"slide-199 ms-image \" aria-roledescription=\"slide\" data-date=\"2015-08-01 23:48:17\" data-filename=\"004-800x750.jpg\" data-slide-type=\"image\"><img loading=\"lazy\" decoding=\"async\" src=\"https:\/\/www.32ppp.de\/fstrauss\/wp-content\/uploads\/sites\/22\/2015\/08\/004-800x750.jpg\" height=\"750\" width=\"800\" alt=\"\" class=\"slider-194 slide-199 msDefaultImage\" \/><div class=\"caption-wrap\"><div class=\"caption\">Ein Erinnerungsfoto an meine Kollegen\/innen - das wohl sch\u00f6nste Geschenk das sie mir machen konnten. <\/div><\/div><\/li>\n                <li style=\"display: none; width: 100%;\" class=\"slide-200 ms-image \" aria-roledescription=\"slide\" data-date=\"2015-08-01 23:56:04\" data-filename=\"IMG_2036-800x750.jpg\" data-slide-type=\"image\"><img loading=\"lazy\" decoding=\"async\" src=\"https:\/\/www.32ppp.de\/fstrauss\/wp-content\/uploads\/sites\/22\/2015\/08\/IMG_2036-800x750.jpg\" height=\"750\" width=\"800\" alt=\"\" class=\"slider-194 slide-200 msDefaultImage\" \/><div class=\"caption-wrap\"><div class=\"caption\">Das letzte Mal Mittag machen bei der Bavaria an der Theresienwiese<\/div><\/div><\/li>\n                <li style=\"display: none; width: 100%;\" class=\"slide-198 ms-image \" aria-roledescription=\"slide\" data-date=\"2015-08-01 23:45:56\" data-filename=\"family-800x750.jpg\" data-slide-type=\"image\"><img loading=\"lazy\" decoding=\"async\" src=\"https:\/\/www.32ppp.de\/fstrauss\/wp-content\/uploads\/sites\/22\/2015\/08\/family-800x750.jpg\" height=\"750\" width=\"800\" alt=\"\" class=\"slider-194 slide-198 msDefaultImage\" \/><div class=\"caption-wrap\"><div class=\"caption\">Abschied in Andechs<\/div><\/div><\/li>\n                <li style=\"display: none; width: 100%;\" class=\"slide-203 ms-image \" aria-roledescription=\"slide\" data-date=\"2015-08-02 00:12:10\" data-filename=\"IMG_2038-800x750.jpg\" data-slide-type=\"image\"><img loading=\"lazy\" decoding=\"async\" src=\"https:\/\/www.32ppp.de\/fstrauss\/wp-content\/uploads\/sites\/22\/2015\/08\/IMG_2038-800x750.jpg\" height=\"750\" width=\"800\" alt=\"\" class=\"slider-194 slide-203 msDefaultImage\" \/><div class=\"caption-wrap\"><div class=\"caption\">Lisa und ich nehmen Marc am MUC in Empfang. <\/div><\/div><\/li>\n                <li style=\"display: none; width: 100%;\" class=\"slide-208 ms-image \" aria-roledescription=\"slide\" data-date=\"2015-08-03 09:21:17\" data-filename=\"IMG_2179-800x750.jpg\" data-slide-type=\"image\"><img loading=\"lazy\" decoding=\"async\" src=\"https:\/\/www.32ppp.de\/fstrauss\/wp-content\/uploads\/sites\/22\/2015\/08\/IMG_2179-800x750.jpg\" height=\"750\" width=\"800\" alt=\"\" class=\"slider-194 slide-208 msDefaultImage\" \/><div class=\"caption-wrap\"><div class=\"caption\">Abschied in Emmering<\/div><\/div><\/li>\n            <\/ul>\n        <\/div>\n        \n    <\/div>\n<\/div>\n<p>Die letzten Tage waren definitiv ereignisreich. Ich bin schon gespannt was mich in wenigen Tagen in den USA erwartet. Jetzt muss ich aber erst noch fertig packen, nach Frankfurt fahren und \u00fcber den &#8222;gro\u00dfen Teich&#8220; fliegen \ud83d\ude09<\/p>\n<p>&nbsp;<\/p>\n","protected":false},"excerpt":{"rendered":"<p>Unglaublich! Kommenden Montag den 03.08. geht es bereits nach Frankfurt um von dort aus Dienstag den 04.08. Vormittags in Richtung New York City zu fliegen. Die letzten Tage sind, auch wenn ich es zuvor nicht f\u00fcr m\u00f6glich gehalten habe, noch schneller vergangen als zuvor. Erfahren der Platzierung, Gespr\u00e4ch mit meiner Abgeordneten und der Presse, Umzugsplanung, [&hellip;]<\/p>\n","protected":false},"author":28,"featured_media":0,"comment_status":"open","ping_status":"open","sticky":false,"template":"","format":"standard","meta":{"footnotes":""},"categories":[1],"tags":[],"class_list":["post-188","post","type-post","status-publish","format-standard","hentry","category-allgemein"],"jetpack_featured_media_url":"","_links":{"self":[{"href":"https:\/\/www.32ppp.de\/fstrauss\/wp-json\/wp\/v2\/posts\/188","targetHints":{"allow":["GET"]}}],"collection":[{"href":"https:\/\/www.32ppp.de\/fstrauss\/wp-json\/wp\/v2\/posts"}],"about":[{"href":"https:\/\/www.32ppp.de\/fstrauss\/wp-json\/wp\/v2\/types\/post"}],"author":[{"embeddable":true,"href":"https:\/\/www.32ppp.de\/fstrauss\/wp-json\/wp\/v2\/users\/28"}],"replies":[{"embeddable":true,"href":"https:\/\/www.32ppp.de\/fstrauss\/wp-json\/wp\/v2\/comments?post=188"}],"version-history":[{"count":6,"href":"https:\/\/www.32ppp.de\/fstrauss\/wp-json\/wp\/v2\/posts\/188\/revisions"}],"predecessor-version":[{"id":207,"href":"https:\/\/www.32ppp.de\/fstrauss\/wp-json\/wp\/v2\/posts\/188\/revisions\/207"}],"wp:attachment":[{"href":"https:\/\/www.32ppp.de\/fstrauss\/wp-json\/wp\/v2\/media?parent=188"}],"wp:term":[{"taxonomy":"category","embeddable":true,"href":"https:\/\/www.32ppp.de\/fstrauss\/wp-json\/wp\/v2\/categories?post=188"},{"taxonomy":"post_tag","embeddable":true,"href":"https:\/\/www.32ppp.de\/fstrauss\/wp-json\/wp\/v2\/tags?post=188"}],"curies":[{"name":"wp","href":"https:\/\/api.w.org\/{rel}","templated":true}]}}