{"id":105,"date":"2015-08-21T22:34:54","date_gmt":"2015-08-21T20:34:54","guid":{"rendered":"http:\/\/www.32ppp.de\/mkley\/?p=105"},"modified":"2015-09-05T22:24:38","modified_gmt":"2015-09-05T20:24:38","slug":"schon-jetzt-unvergesslich","status":"publish","type":"post","link":"https:\/\/www.32ppp.de\/mkley\/2015\/08\/21\/schon-jetzt-unvergesslich\/","title":{"rendered":"Schon jetzt unvergesslich &#8230;"},"content":{"rendered":"<p><em><strong>Am Dienstag, den 4. August 2015 war f\u00fcr meine Familie und mich fr\u00fches Aufstehen angesagt.<\/strong><\/em><\/p>\n<p>In der Nacht von Montag auf Dienstag klingelte der Wecker bereits um 2 Uhr morgens, denn auf den Beginn meiner gro\u00dfen Reise musste ich nur noch ein paar Stunden warten. Zusammen mit meiner Familie machte ich mich auf den Weg nach Frankfurt , von da aus sollte der Flieger um 10:50 abheben. Wir erreichten den Flughafen um 7 Uhr, genug Zeit um einzuchecken und den Konferenzraum zu finden, der extra f\u00fcr die &#8222;PPPler&#8220; bereitgestellt wurde. Dort hatten wir mit Familie und Freunden, die extra zum Flughafen kamen um uns zu verabschieden, noch etwas Zeit. Die Vorfreude auf die Reise war riesig, doch als es dann Zeit war und ich mich endg\u00fcltig\u00a0 von allen verabschieden musste, wurde das Herz sehr schwer und nat\u00fcrlich konnten einige Tr\u00e4nen nicht zur\u00fcckgehalten werden.<\/p>\n<p>Schlie\u00dflich ging es f\u00fcr uns durch die Sicherheitskontrolle und ab zum Boarding. Alles lief einwandfrei und wir hoben mit etwas Versp\u00e4tung gegen kurz nach halb 12 (wenn ich mich richtig erinnere) in Frankfurt ab.<br \/>\nNach 8 Flugstunden war es dann endlich soweit und wir landeten in New York. Dort wurden wir bereits vom Team von CulturalVistas in Empfang genommen. Sie verteilten uns auf 2 Busse und wir wurden direkt zum &#8222;YMCA-Hotel&#8220; in Manhatten gebracht. Ausruhen war nicht angesagt, da wir nur Zeit hatten unsere Koffer auf die Zimmer zu bringen um anschlie\u00dfend gemeinsam essen zu gehen. Danach ging es auf eine kleine Sightseeing-Tour \u00fcber den Times Square bis zum Rockefeller Center, von dort aus durften wir New York auf eigene Faust erkunden. An M\u00fcdigkeit war nicht zu denken. Aber all die neuen Eindr\u00fccke und Sehensw\u00fcrdigkeiten hielten mich sowieso ohne Probleme wach.<\/p>\n<p>Zwischen den Seminaren, die wir mit CulturalVistas hatten, hatten wir jede Menge Zeit um New York zu erkunden. Ich habe mir sagen lassen, dass ich in\u00a0 3,5 Tagen mehr von New York gesehen habe als ein New Yorker selbst. Ich besuchte das Rockefeller Center, den Times Square, das Plaza Hotel, den Central Park, das 9\/11 Memorial, machte mehrere Taxifahrten durch New York (f\u00fcr ein bisschen Adrenalin sehr zu empfehlen!), hab Ms Liberty zugewunken, machte eine Sightseeing-Tour mit einem Doppeldeckerbus und schaute mir sogar einen Sonnenaufgang auf der Brooklyn Bridge an.<br \/>\nDoch der unglaublichste Moment war der Besuch auf dem One World Trade Center.<br \/>\nAuf dem Weg zum Geb\u00e4ude erfasste mich ein sehr beklemmendes Gef\u00fchl, da wir dort am 9\/11 Memorial vorbei kamen. Die Pl\u00e4tze zu sehen, wo einst die Zwillingst\u00fcrme standen &#8230;. nicht in Worte zu fassen.\u00a0 Nach einer kurzen Pause am Memorial setzten unseren Weg fort und machten uns weiter auf zum One World Trade Center. F\u00fcr nur 32 Dollar durften wir nach oben. Wir wurden mit einem Fahrstuhl innerhalb von 60 Sekunden auf die Spitze des Turmes &#8222;katapultiert&#8220; und erreichten schlie\u00dflich eine Leinwand, auf der uns ein kleiner Film \u00fcber New York gezeigt wurde. Am Ende dieses Filmes ging die Leinwand hoch und mir schossen die Tr\u00e4nen in die Augen, so sehr hat es mich geflashed. Ich habe noch nie eine so atemberaubende Aussicht wie auf diesem Turm gehabt. Zudem waren wir erst Abends oben, sodass ganz New York in all ihren Lichtern erstrahlte. Wir gingen weiter und erreichten einen Rundblick, auf dem wir uns dann eine ganze Weile aufhielten.<\/p>\n<p>Nach ingesamt 3,5 Tagen in der Stadt die niemals schl\u00e4ft (ja, es ist wirklich so) bekamen wir endlich unsere Routen f\u00fcr die Homestaytour.<br \/>\nBereits in New York l\u00f6ste sich unsere Gruppe von 75 Personen auf, jedoch bin ich mit 34 weiteren von New York via Amtrak nach Chicago gereist&#8230; Ich werde mich wohl nie mehr \u00fcber die DB beschweren, denn 20 Stunden Amtrak fahren hat mir bewiesen, dass es mit der DB vielleicht doch gar nicht so schlecht ist ;-). In Chicago angekommen hatten wir leider nur Zeit zum umsteigen, sodass wir nichts von der sch\u00f6nen Stadt sehen konnten. Denn f\u00fcr uns ging es zun\u00e4chst weiter nach Princeton, von dort aus wurden wir abgeholt und auf Gastfamilien in Geneseo in Illinois verteilt. Ich hatte das Vergn\u00fcgen und durfte 4 Tage bei der wunderbaren Hogue Family leben. Wir hatten eine Menge Spa\u00df zusammen und sie zeigten mir die Stadt und nahmen mich mit zu einer Fahrt auf dem Mississippi. Den Namen &#8222;John Deere&#8220; werde ich wohl auch nie mehr vergessen. Andrea, Jeffrey, Hannah und Kaye gaben sich viel M\u00fche, damit ich mich wohl f\u00fchlte. Da ihnen das mehr als gelungen ist war der Abschied bereits nach 4 Tagen schon gar nicht so einfach. Ich habe die 4 sehr in mein Herz geschlossen.<br \/>\nDoch ich musste wieder zur\u00fcck nach Chicago, denn von da aus ging ein weiterer Zug nach Ann Arbor, Michigan. Unsere Gruppe wurde immer kleiner, sodass ich nach dem zweiten Stop in Chicago bereits nur noch mit Bianca weiter gereist bin. Obwohl wir zu zweit waren ist es uns dennoch gelungen, die Haltestelle in Ann Abror zu verpassen, sodass wir bis nach Earborn fuhren. Unsere Gastmutter Inge konnte jedoch herausfinden, wo wir abgeblieben sind und holte uns in der Nacht dann aus Earborn ab. Auch mit Inge hatten wir eine Menge Spa\u00df. Sie zeigte uns die kleine aber feine Stadt Ann Arbor und hat uns zum Paddeln auf dem Huron-Lake mitgenommen. Am Morgen des 16. 8. hie\u00df es dann auch Abschied nehmen von Bianca, da sie bereits morgens einen Flug nach Denver nehmen musste. Mein Flug jedoch ging erst am Nachmittag, sodass Inge mich auf halb 2 zum Flughafen nach Detroit brachte. Von dort aus flog ich nach Denver und schlie\u00dflich weiter nach Kalispell. Ich erreichte Kalispell zwischen 22 und 23 Uhr und wurde sehr herzlich von meiner Gastmutter Eden und ihrer kleinen Familie und Freunden begr\u00fc\u00dft.<\/p>\n<p>Bereits am n\u00e4chsten Tag habe ich Gerda, meine College-Koordinatorin kennen gelernt, die mich \u00fcber das Jahr hier am College begleiten wird. Am 20. hatte ich einen Orientierungstag und konnte mich bereits f\u00fcr Kurse eintragen und den ein oder anderen kennen lernen.<br \/>\nAm 27. August ist schlie\u00dflich College-Beginn und f\u00fcr mich beginnt ein Semester Rund um die Themen &#8222;Intro to Psychology&#8220; und &#8222;Race, Gender and Class&#8220;.\u00a0 Ich habe mich f\u00fcr diese Kombination entschieden, da ich berufsbezogene Kurse w\u00e4hlen musste und ich denke, dass diese Kurswahl genau das Richtige ist.<br \/>\nAm Montag habe ich (hoffentlich) ein pers\u00f6nlichen Gespr\u00e4ch mit einem Inhaber eines Bestattungsunternehmens, sodass ich auch hoffentlich bald meinen Wunschjob hier aus\u00fcben kann.<\/p>\n<p>Nun hei\u00dft es erstmal f\u00fcr mich einleben, die Kultur kennen lernen und immer weiter neue Eindr\u00fccke sammeln. Ich hatte das Gl\u00fcck, dass ich am Montag noch ein wenig von den Bergen rund um Kalispell sehen konnte und eine wundersch\u00f6ne Aussicht genie\u00dfen durfte. Zur Zeit liegt jedoch eine dicke Rauchwolke rund um Kalispell und Nachbarst\u00e4dten, da viele Waldbr\u00e4nde in den Nationalsparks rund um Montana und in Washington State w\u00fcten. Ein Aufenthalt an der frischen Luft ist daher erstmal nicht zu empfehlen.<\/p>\n<p>&nbsp;<\/p>\n<p>Hier ein paar Bilder aus New York und von meiner Homestaytour:<\/p>\n<p><a href=\"https:\/\/www.32ppp.de\/mkley\/wp-content\/uploads\/sites\/24\/2015\/09\/image.jpg\" rel=\"lightbox[105]\"><img loading=\"lazy\" decoding=\"async\" class=\"alignnone size-medium wp-image-162\" src=\"https:\/\/www.32ppp.de\/mkley\/wp-content\/uploads\/sites\/24\/2015\/09\/image-300x169.jpg\" alt=\"image\" width=\"300\" height=\"169\" srcset=\"https:\/\/www.32ppp.de\/mkley\/wp-content\/uploads\/sites\/24\/2015\/09\/image-300x169.jpg 300w, https:\/\/www.32ppp.de\/mkley\/wp-content\/uploads\/sites\/24\/2015\/09\/image-1024x576.jpg 1024w, https:\/\/www.32ppp.de\/mkley\/wp-content\/uploads\/sites\/24\/2015\/09\/image-676x380.jpg 676w, https:\/\/www.32ppp.de\/mkley\/wp-content\/uploads\/sites\/24\/2015\/09\/image.jpg 1280w\" sizes=\"auto, (max-width: 300px) 100vw, 300px\" \/><\/a><\/p>\n<p>&nbsp;<\/p>\n<p><a href=\"https:\/\/www.32ppp.de\/mkley\/wp-content\/uploads\/sites\/24\/2015\/09\/image1.jpg\" rel=\"lightbox[105]\"><img loading=\"lazy\" decoding=\"async\" class=\"size-medium wp-image-163 alignright\" src=\"https:\/\/www.32ppp.de\/mkley\/wp-content\/uploads\/sites\/24\/2015\/09\/image1-300x169.jpg\" alt=\"image\" width=\"300\" height=\"169\" srcset=\"https:\/\/www.32ppp.de\/mkley\/wp-content\/uploads\/sites\/24\/2015\/09\/image1-300x169.jpg 300w, https:\/\/www.32ppp.de\/mkley\/wp-content\/uploads\/sites\/24\/2015\/09\/image1-1024x576.jpg 1024w, https:\/\/www.32ppp.de\/mkley\/wp-content\/uploads\/sites\/24\/2015\/09\/image1-676x380.jpg 676w, https:\/\/www.32ppp.de\/mkley\/wp-content\/uploads\/sites\/24\/2015\/09\/image1.jpg 1280w\" sizes=\"auto, (max-width: 300px) 100vw, 300px\" \/><\/a><\/p>\n<p>&nbsp;<\/p>\n<p>&nbsp;<\/p>\n<p>&nbsp;<\/p>\n<p>&nbsp;<\/p>\n<p><a href=\"https:\/\/www.32ppp.de\/mkley\/wp-content\/uploads\/sites\/24\/2015\/09\/image2.jpg\" rel=\"lightbox[105]\"><img loading=\"lazy\" decoding=\"async\" class=\"alignnone size-medium wp-image-164\" src=\"https:\/\/www.32ppp.de\/mkley\/wp-content\/uploads\/sites\/24\/2015\/09\/image2-300x169.jpg\" alt=\"image\" width=\"300\" height=\"169\" srcset=\"https:\/\/www.32ppp.de\/mkley\/wp-content\/uploads\/sites\/24\/2015\/09\/image2-300x169.jpg 300w, https:\/\/www.32ppp.de\/mkley\/wp-content\/uploads\/sites\/24\/2015\/09\/image2-1024x576.jpg 1024w, https:\/\/www.32ppp.de\/mkley\/wp-content\/uploads\/sites\/24\/2015\/09\/image2-676x380.jpg 676w, https:\/\/www.32ppp.de\/mkley\/wp-content\/uploads\/sites\/24\/2015\/09\/image2.jpg 1280w\" sizes=\"auto, (max-width: 300px) 100vw, 300px\" \/><\/a><\/p>\n<p>&nbsp;<\/p>\n<p><a href=\"https:\/\/www.32ppp.de\/mkley\/wp-content\/uploads\/sites\/24\/2015\/09\/image3.jpg\" rel=\"lightbox[105]\"><img loading=\"lazy\" decoding=\"async\" class=\"size-medium wp-image-165 alignright\" src=\"https:\/\/www.32ppp.de\/mkley\/wp-content\/uploads\/sites\/24\/2015\/09\/image3-300x169.jpg\" alt=\"image\" width=\"300\" height=\"169\" srcset=\"https:\/\/www.32ppp.de\/mkley\/wp-content\/uploads\/sites\/24\/2015\/09\/image3-300x169.jpg 300w, https:\/\/www.32ppp.de\/mkley\/wp-content\/uploads\/sites\/24\/2015\/09\/image3-1024x576.jpg 1024w, https:\/\/www.32ppp.de\/mkley\/wp-content\/uploads\/sites\/24\/2015\/09\/image3-676x380.jpg 676w, https:\/\/www.32ppp.de\/mkley\/wp-content\/uploads\/sites\/24\/2015\/09\/image3.jpg 1280w\" sizes=\"auto, (max-width: 300px) 100vw, 300px\" \/><\/a><\/p>\n<p>&nbsp;<\/p>\n<p>&nbsp;<\/p>\n<p>&nbsp;<\/p>\n<p>&nbsp;<\/p>\n<p><a href=\"https:\/\/www.32ppp.de\/mkley\/wp-content\/uploads\/sites\/24\/2015\/09\/image4.jpg\" rel=\"lightbox[105]\"><img loading=\"lazy\" decoding=\"async\" class=\"alignnone size-medium wp-image-166\" src=\"https:\/\/www.32ppp.de\/mkley\/wp-content\/uploads\/sites\/24\/2015\/09\/image4-300x169.jpg\" alt=\"image\" width=\"300\" height=\"169\" srcset=\"https:\/\/www.32ppp.de\/mkley\/wp-content\/uploads\/sites\/24\/2015\/09\/image4-300x169.jpg 300w, https:\/\/www.32ppp.de\/mkley\/wp-content\/uploads\/sites\/24\/2015\/09\/image4-1024x576.jpg 1024w, https:\/\/www.32ppp.de\/mkley\/wp-content\/uploads\/sites\/24\/2015\/09\/image4-676x380.jpg 676w, https:\/\/www.32ppp.de\/mkley\/wp-content\/uploads\/sites\/24\/2015\/09\/image4.jpg 1280w\" sizes=\"auto, (max-width: 300px) 100vw, 300px\" \/><\/a><\/p>\n","protected":false},"excerpt":{"rendered":"<p>Am Dienstag, den 4. August 2015 war f\u00fcr meine Familie und mich fr\u00fches Aufstehen angesagt. In der Nacht von Montag auf Dienstag klingelte der Wecker bereits um 2 Uhr morgens, denn auf den Beginn meiner gro\u00dfen Reise musste ich nur noch ein paar Stunden warten. Zusammen mit meiner Familie machte ich mich auf den Weg &hellip; <a href=\"https:\/\/www.32ppp.de\/mkley\/2015\/08\/21\/schon-jetzt-unvergesslich\/\" class=\"more-link\">Weiterlesen <span class=\"screen-reader-text\">Schon jetzt unvergesslich &#8230;<\/span><\/a><\/p>\n","protected":false},"author":30,"featured_media":0,"comment_status":"open","ping_status":"open","sticky":false,"template":"","format":"standard","meta":{"footnotes":""},"categories":[1],"tags":[],"class_list":["post-105","post","type-post","status-publish","format-standard","hentry","category-allgemein","without-featured-image"],"jetpack_featured_media_url":"","_links":{"self":[{"href":"https:\/\/www.32ppp.de\/mkley\/wp-json\/wp\/v2\/posts\/105","targetHints":{"allow":["GET"]}}],"collection":[{"href":"https:\/\/www.32ppp.de\/mkley\/wp-json\/wp\/v2\/posts"}],"about":[{"href":"https:\/\/www.32ppp.de\/mkley\/wp-json\/wp\/v2\/types\/post"}],"author":[{"embeddable":true,"href":"https:\/\/www.32ppp.de\/mkley\/wp-json\/wp\/v2\/users\/30"}],"replies":[{"embeddable":true,"href":"https:\/\/www.32ppp.de\/mkley\/wp-json\/wp\/v2\/comments?post=105"}],"version-history":[{"count":6,"href":"https:\/\/www.32ppp.de\/mkley\/wp-json\/wp\/v2\/posts\/105\/revisions"}],"predecessor-version":[{"id":169,"href":"https:\/\/www.32ppp.de\/mkley\/wp-json\/wp\/v2\/posts\/105\/revisions\/169"}],"wp:attachment":[{"href":"https:\/\/www.32ppp.de\/mkley\/wp-json\/wp\/v2\/media?parent=105"}],"wp:term":[{"taxonomy":"category","embeddable":true,"href":"https:\/\/www.32ppp.de\/mkley\/wp-json\/wp\/v2\/categories?post=105"},{"taxonomy":"post_tag","embeddable":true,"href":"https:\/\/www.32ppp.de\/mkley\/wp-json\/wp\/v2\/tags?post=105"}],"curies":[{"name":"wp","href":"https:\/\/api.w.org\/{rel}","templated":true}]}}